{"id":228335,"date":"2026-02-23T14:58:17","date_gmt":"2026-02-23T13:58:17","guid":{"rendered":"https:\/\/www.ak-online.de\/?p=228335"},"modified":"2026-02-24T13:12:34","modified_gmt":"2026-02-24T12:12:34","slug":"in-der-unruhe-liegt-die-kraft","status":"publish","type":"post","link":"https:\/\/www.ak-online.de\/de\/in-der-unruhe-liegt-die-kraft\/","title":{"rendered":"\u201cIn der Unruhe liegt die Kraft\u201c"},"content":{"rendered":"\t\t<div data-elementor-type=\"wp-post\" data-elementor-id=\"228335\" class=\"elementor elementor-228335\" data-elementor-post-type=\"post\">\n\t\t\t\t\t\t<section class=\"elementor-section elementor-top-section elementor-element elementor-element-3a767b9 elementor-section-boxed elementor-section-height-default elementor-section-height-default\" data-id=\"3a767b9\" data-element_type=\"section\" data-e-type=\"section\">\n\t\t\t\t\t\t<div class=\"elementor-container elementor-column-gap-default\">\n\t\t\t\t\t<div class=\"elementor-column elementor-col-100 elementor-top-column elementor-element elementor-element-8f7e714\" data-id=\"8f7e714\" data-element_type=\"column\" data-e-type=\"column\">\n\t\t\t<div class=\"elementor-widget-wrap elementor-element-populated\">\n\t\t\t\t\t\t<div class=\"elementor-element elementor-element-f301b20 elementor-widget elementor-widget-text-editor\" data-id=\"f301b20\" data-element_type=\"widget\" data-e-type=\"widget\" data-widget_type=\"text-editor.default\">\n\t\t\t\t\t\t\t\t\t<h3><strong>\u201cIn der Unruhe liegt die Kraft\u201c<\/strong><\/h3>\n<p>Dieser Satz aus Herbert Gr\u00f6nemeyers Lied <em>\u201eAngstfrei\u201c<\/em> hat mich, seit ich das Lied zum ersten Mal geh\u00f6rt habe, nicht mehr losgelassen. Vermutlich weil er so \u00fcberraschend ist. Vielleicht auch, weil er so gut in unsere Zeit passt. Und sicherlich auch, weil er genau das beschreibt, was ich im aktuellen Businessumfeld in Deutschland vermisse: den Willen, unruhig zu sein.<\/p>\n<p>Wir alle kennen das Sprichwort: \u201e<em>In der Ruhe liegt die Kraf\u201ct. <\/em>Doch wenn ich mich heute in Unternehmen umh\u00f6re, habe ich oft das Gef\u00fchl, dass aus Ruhe Stillstand geworden ist. Man arrangiert sich, verwaltet Unsicherheiten und hofft, dass sich M\u00e4rkte stabilisieren, Z\u00f6lle vielleicht doch nicht angehoben werden und Lieferketten sich wieder beruhigen. Das mag zwar ruhig und unaufgeregt klingen, aber nach \u201cKraft\u201c klingt das f\u00fcr mich nicht\u2026<\/p>\n<p>Die Realit\u00e4t sieht n\u00e4mlich anders aus: Volatile Absatzm\u00e4rkte, hohe Kapitalbindung, steigender Kostendruck und politische sowie \u00a0wirtschaftliche Unsicherheiten. Der Wettbewerbsdruck w\u00e4chst \u2013 national wie international. Der Ernst der Lage steht au\u00dfer Frage. Und trotzdem bleiben viele Organisationen erstaunlich gelassen. Viel zu gelassen, wenn Sie mich fragen\u2026<\/p>\n<p>Prognoseabweichungen werden als \u201ebranchen\u00fcblich\u201c abgetan und Best\u00e4nde gelten als alternativloses Sicherheitsnetz. S&amp;OP-Prozesse werden zwar durchgef\u00fchrt, aber sie <u>steuern<\/u> nicht wirklich. Zielkonflikte zwischen Vertrieb, Produktion und Einkauf werden zwar moderiert, aber eben nicht gel\u00f6st.<\/p>\n<p>Und in solchen Situationen liegt die Kraft m.E. nicht in der Ruhe, sondern in der Unruhe. Ich bin davon \u00fcberzeugt, dass Unternehmen heute eine gesunde Portion Unruhe brauchen. Nicht Hektik. Nicht Aktionismus. Sondern eine innere Spannung, die sagt: Wir m\u00fcssen zwingend besser werden. Wir d\u00fcrfen und wollen uns nicht mit dem Status quo zufriedengeben.<\/p>\n\t\t\t\t\t\t\t\t<\/div>\n\t\t\t\t\t<\/div>\n\t\t<\/div>\n\t\t\t\t\t<\/div>\n\t\t<\/section>\n\t\t<div class=\"elementor-element elementor-element-46102ae e-flex e-con-boxed e-con e-parent\" data-id=\"46102ae\" data-element_type=\"container\" data-e-type=\"container\">\n\t\t\t\t\t<div class=\"e-con-inner\">\n\t\t\t\t<div class=\"elementor-element elementor-element-425703c elementor-widget elementor-widget-text-editor\" data-id=\"425703c\" data-element_type=\"widget\" data-e-type=\"widget\" data-widget_type=\"text-editor.default\">\n\t\t\t\t\t\t\t\t\t<p>Diese Art von Unruhe stellt l\u00e4stige, aber wichtige Fragen:<br \/>Warum binden wir so viel Kapital in unseren Best\u00e4nden?<br \/>Warum akzeptieren wir Planungsungenauigkeit als Naturgesetz?<br \/>Warum sind unsere Steuerungsprozesse nicht so robust, wie sie sein k\u00f6nnten?<\/p>\n<p>Diese Fragen k\u00f6nnen wehtun. Idealerweise sollten sie vielleicht sogar wehtun. Sie k\u00f6nnen und m\u00fcssen Diskussionen ausl\u00f6sen. Sie k\u00f6nnen und sollen gewachsene Strukturen in Frage stellen. Aber genau daraus entsteht Energie. Genau daraus entsteht Fortschritt.<\/p>\n<p>Ich erlebe immer wieder, was passiert, wenn Unternehmen den Mut haben, ihren Status quo konsequent zu challengen: Pl\u00f6tzlich wird Transparenz geschaffen, wo vorher Bauchgef\u00fchl dominierte. Pl\u00f6tzlich werden Zielkonflikte systematisch aufgel\u00f6st. Pl\u00f6tzlich entstehen messbare Verbesserungen bei Best\u00e4nden, Servicelevel und Planungssicherheit. Und vor allem: Es entsteht wieder Gestaltungswille!<\/p>\n<p>Nat\u00fcrlich ist es schwer, den eigenen Status quo von innen heraus vollst\u00e4ndig objektiv zu hinterfragen. Betriebsblindheit, interne Politik, historisch gewachsene Prozesse \u2013 all das bremst. Genau hier kann der Blick von au\u00dfen den entscheidenden Unterschied machen.<\/p>\n\t\t\t\t\t\t\t\t<\/div>\n\t\t\t\t<div class=\"elementor-element elementor-element-0dd3776 elementor-widget elementor-widget-text-editor\" data-id=\"0dd3776\" data-element_type=\"widget\" data-e-type=\"widget\" data-widget_type=\"text-editor.default\">\n\t\t\t\t\t\t\t\t\t<p>Bei Abels &amp; Kemmner unterst\u00fctzen wir Unternehmen dabei, ihre Supply Chain nicht nur effizienter, sondern zukunftsf\u00e4hig zu machen. Wir analysieren strukturiert, wo wirklich Potenziale liegen. Wir entwickeln tragf\u00e4hige Konzepte. Und wir begleiten die Umsetzung so lange, bis Ergebnisse messbar sind. Weniger Kapitalbindung. H\u00f6here Lieferf\u00e4higkeit. Klare Steuerungsmechanismen statt gut gemeinter Routinen.<\/p>\n<p>Wenn Sie beim Lesen sp\u00fcren, dass es in Ihnen ein wenig unruhig wird, dann ist das kein schlechtes Zeichen. Vielleicht ist genau das der Impuls, den es jetzt braucht.<\/p>\n<p>Nicht ruhig bleiben.<br \/>Nicht abwarten.<br \/>Sondern angstfrei hinterfragen \u2013 und entschlossen handeln.<\/p>\n<p>Oder wie Herbie es sagen w\u00fcrde:<\/p>\n<p>Wer nicht strampelt,<br \/>klebt an der Ampel<br \/>und wartet auf Gr\u00fcn.<br \/>Der Ernst der Lage<br \/>steht au\u00dfer Frage<br \/>Jetzt hei\u00dft&#8217;s durchzuzieh&#8217;n.<\/p>\n\t\t\t\t\t\t\t\t<\/div>\n\t\t\t\t\t<\/div>\n\t\t\t\t<\/div>\n\t\t\t\t<\/div>\n\t\t","protected":false},"excerpt":{"rendered":"<p>\u201cIn der Unruhe liegt die Kraft\u201c Dieser Satz aus Herbert Gr\u00f6nemeyers Lied \u201eAngstfrei\u201c hat mich, seit ich das Lied zum ersten Mal geh\u00f6rt habe, nicht mehr losgelassen. Vermutlich weil er so \u00fcberraschend ist. Vielleicht auch, weil er so gut in unsere Zeit passt. Und sicherlich auch, weil er genau das beschreibt, was ich im aktuellen<\/p>\n","protected":false},"author":27,"featured_media":228343,"comment_status":"closed","ping_status":"closed","sticky":false,"template":"","format":"standard","meta":{"_acf_changed":false,"inline_featured_image":false,"footnotes":""},"categories":[20,1580],"tags":[],"class_list":["post-228335","post","type-post","status-publish","format-standard","has-post-thumbnail","hentry","category-newsletter","category-sales-operations"],"acf":[],"aioseo_notices":[],"aioseo_head":"\n\t\t<!-- All in One SEO Pro 4.9.6.2 - aioseo.com -->\n\t<meta name=\"description\" content=\"\u201cIn der Unruhe liegt die Kraft\u201c Dieser Satz aus Herbert Gr\u00f6nemeyers Lied \u201eAngstfrei\u201c hat mich, seit ich das Lied zum ersten Mal geh\u00f6rt habe, nicht mehr losgelassen. Vermutlich weil er so \u00fcberraschend ist. Vielleicht auch, weil er so gut in unsere Zeit passt. Und sicherlich auch, weil er genau das beschreibt, was ich im aktuellen\" \/>\n\t<meta name=\"robots\" content=\"max-image-preview:large\" \/>\n\t<meta name=\"author\" content=\"Dirk Ungerechts\"\/>\n\t<link rel=\"canonical\" href=\"https:\/\/www.ak-online.de\/de\/in-der-unruhe-liegt-die-kraft\/\" \/>\n\t<meta name=\"generator\" content=\"All in One SEO Pro (AIOSEO) 4.9.6.2\" \/>\n\t\t<meta property=\"og:locale\" content=\"de_DE\" \/>\n\t\t<meta property=\"og:site_name\" content=\"Abels &amp; Kemmner -  Supply Chain Management | Unternehmensberatung f\u00fcr Supply Chain Optimierung\" \/>\n\t\t<meta property=\"og:type\" content=\"article\" \/>\n\t\t<meta property=\"og:title\" content=\"Abels &amp; Kemmner - Supply Chain Management\" \/>\n\t\t<meta property=\"og:description\" content=\"\u201cIn der Unruhe liegt die Kraft\u201c Dieser Satz aus Herbert Gr\u00f6nemeyers Lied \u201eAngstfrei\u201c hat mich, seit ich das Lied zum ersten Mal geh\u00f6rt habe, nicht mehr losgelassen. Vermutlich weil er so \u00fcberraschend ist. Vielleicht auch, weil er so gut in unsere Zeit passt. Und sicherlich auch, weil er genau das beschreibt, was ich im aktuellen\" \/>\n\t\t<meta property=\"og:url\" content=\"https:\/\/www.ak-online.de\/de\/in-der-unruhe-liegt-die-kraft\/\" \/>\n\t\t<meta property=\"article:published_time\" content=\"2026-02-23T13:58:17+00:00\" \/>\n\t\t<meta property=\"article:modified_time\" content=\"2026-02-24T12:12:34+00:00\" \/>\n\t\t<meta name=\"twitter:card\" content=\"summary_large_image\" \/>\n\t\t<meta name=\"twitter:title\" content=\"Abels &amp; Kemmner - Supply Chain Management\" \/>\n\t\t<meta name=\"twitter:description\" content=\"\u201cIn der Unruhe liegt die Kraft\u201c Dieser Satz aus Herbert Gr\u00f6nemeyers Lied \u201eAngstfrei\u201c hat mich, seit ich das Lied zum ersten Mal geh\u00f6rt habe, nicht mehr losgelassen. Vermutlich weil er so \u00fcberraschend ist. Vielleicht auch, weil er so gut in unsere Zeit passt. Und sicherlich auch, weil er genau das beschreibt, was ich im aktuellen\" \/>\n\t\t<script type=\"application\/ld+json\" class=\"aioseo-schema\">\n\t\t\t{\"@context\":\"https:\\\/\\\/schema.org\",\"@graph\":[{\"@type\":\"BlogPosting\",\"@id\":\"https:\\\/\\\/www.ak-online.de\\\/de\\\/in-der-unruhe-liegt-die-kraft\\\/#blogposting\",\"name\":\"Abels & Kemmner - Supply Chain Management\",\"headline\":\"\\u201cIn der Unruhe liegt die Kraft\\u201c\",\"author\":{\"@id\":\"https:\\\/\\\/www.ak-online.de\\\/de\\\/author\\\/ungerechts\\\/#author\"},\"publisher\":{\"@id\":\"https:\\\/\\\/www.ak-online.de\\\/de\\\/#organization\"},\"image\":{\"@type\":\"ImageObject\",\"url\":\"https:\\\/\\\/www.ak-online.de\\\/wp-content\\\/uploads\\\/2026\\\/02\\\/ChatGPT-Image-23.-Feb.-2026-14_57_15.png\",\"width\":1536,\"height\":1024},\"datePublished\":\"2026-02-23T14:58:17+01:00\",\"dateModified\":\"2026-02-24T13:12:34+01:00\",\"inLanguage\":\"de-DE\",\"mainEntityOfPage\":{\"@id\":\"https:\\\/\\\/www.ak-online.de\\\/de\\\/in-der-unruhe-liegt-die-kraft\\\/#webpage\"},\"isPartOf\":{\"@id\":\"https:\\\/\\\/www.ak-online.de\\\/de\\\/in-der-unruhe-liegt-die-kraft\\\/#webpage\"},\"articleSection\":\"Newsletter, Sales &amp; Operations, Optional\"},{\"@type\":\"BreadcrumbList\",\"@id\":\"https:\\\/\\\/www.ak-online.de\\\/de\\\/in-der-unruhe-liegt-die-kraft\\\/#breadcrumblist\",\"itemListElement\":[{\"@type\":\"ListItem\",\"@id\":\"https:\\\/\\\/www.ak-online.de\\\/de\\\/#listItem\",\"position\":1,\"name\":\"Home\",\"item\":\"https:\\\/\\\/www.ak-online.de\\\/de\\\/\",\"nextItem\":{\"@type\":\"ListItem\",\"@id\":\"https:\\\/\\\/www.ak-online.de\\\/de\\\/category\\\/newsletter\\\/#listItem\",\"name\":\"Newsletter\"}},{\"@type\":\"ListItem\",\"@id\":\"https:\\\/\\\/www.ak-online.de\\\/de\\\/category\\\/newsletter\\\/#listItem\",\"position\":2,\"name\":\"Newsletter\",\"item\":\"https:\\\/\\\/www.ak-online.de\\\/de\\\/category\\\/newsletter\\\/\",\"nextItem\":{\"@type\":\"ListItem\",\"@id\":\"https:\\\/\\\/www.ak-online.de\\\/de\\\/in-der-unruhe-liegt-die-kraft\\\/#listItem\",\"name\":\"\\u201cIn der Unruhe liegt die Kraft\\u201c\"},\"previousItem\":{\"@type\":\"ListItem\",\"@id\":\"https:\\\/\\\/www.ak-online.de\\\/de\\\/#listItem\",\"name\":\"Home\"}},{\"@type\":\"ListItem\",\"@id\":\"https:\\\/\\\/www.ak-online.de\\\/de\\\/in-der-unruhe-liegt-die-kraft\\\/#listItem\",\"position\":3,\"name\":\"\\u201cIn der Unruhe liegt die Kraft\\u201c\",\"previousItem\":{\"@type\":\"ListItem\",\"@id\":\"https:\\\/\\\/www.ak-online.de\\\/de\\\/category\\\/newsletter\\\/#listItem\",\"name\":\"Newsletter\"}}]},{\"@type\":\"Organization\",\"@id\":\"https:\\\/\\\/www.ak-online.de\\\/de\\\/#organization\",\"name\":\"Abels & Kemmner -  Supply Chain Management\",\"description\":\"Unternehmensberatung f\\u00fcr Supply Chain Optimierung\",\"url\":\"https:\\\/\\\/www.ak-online.de\\\/de\\\/\",\"telephone\":\"+49240795650\",\"logo\":{\"@type\":\"ImageObject\",\"url\":\"https:\\\/\\\/www.ak-online.de\\\/wp-content\\\/uploads\\\/2023\\\/08\\\/Logo-mit-Claimv2.png\",\"@id\":\"https:\\\/\\\/www.ak-online.de\\\/de\\\/in-der-unruhe-liegt-die-kraft\\\/#organizationLogo\",\"width\":600,\"height\":195},\"image\":{\"@id\":\"https:\\\/\\\/www.ak-online.de\\\/de\\\/in-der-unruhe-liegt-die-kraft\\\/#organizationLogo\"},\"sameAs\":[\"https:\\\/\\\/www.youtube.com\\\/channel\\\/UCMOyLX-7Q_zpnACCykNdMRw\",\"https:\\\/\\\/de.linkedin.com\\\/company\\\/abels-kemmner-gmbh\"]},{\"@type\":\"Person\",\"@id\":\"https:\\\/\\\/www.ak-online.de\\\/de\\\/author\\\/ungerechts\\\/#author\",\"url\":\"https:\\\/\\\/www.ak-online.de\\\/de\\\/author\\\/ungerechts\\\/\",\"name\":\"Dirk Ungerechts\",\"image\":{\"@type\":\"ImageObject\",\"url\":\"https:\\\/\\\/www.ak-online.de\\\/wp-content\\\/uploads\\\/2026\\\/03\\\/dirk-ungerechts_avatar-96x96.jpg\"}},{\"@type\":\"WebPage\",\"@id\":\"https:\\\/\\\/www.ak-online.de\\\/de\\\/in-der-unruhe-liegt-die-kraft\\\/#webpage\",\"url\":\"https:\\\/\\\/www.ak-online.de\\\/de\\\/in-der-unruhe-liegt-die-kraft\\\/\",\"name\":\"Abels & Kemmner - Supply Chain Management\",\"description\":\"\\u201cIn der Unruhe liegt die Kraft\\u201c Dieser Satz aus Herbert Gr\\u00f6nemeyers Lied \\u201eAngstfrei\\u201c hat mich, seit ich das Lied zum ersten Mal geh\\u00f6rt habe, nicht mehr losgelassen. Vermutlich weil er so \\u00fcberraschend ist. Vielleicht auch, weil er so gut in unsere Zeit passt. Und sicherlich auch, weil er genau das beschreibt, was ich im aktuellen\",\"inLanguage\":\"de-DE\",\"isPartOf\":{\"@id\":\"https:\\\/\\\/www.ak-online.de\\\/de\\\/#website\"},\"breadcrumb\":{\"@id\":\"https:\\\/\\\/www.ak-online.de\\\/de\\\/in-der-unruhe-liegt-die-kraft\\\/#breadcrumblist\"},\"author\":{\"@id\":\"https:\\\/\\\/www.ak-online.de\\\/de\\\/author\\\/ungerechts\\\/#author\"},\"creator\":{\"@id\":\"https:\\\/\\\/www.ak-online.de\\\/de\\\/author\\\/ungerechts\\\/#author\"},\"image\":{\"@type\":\"ImageObject\",\"url\":\"https:\\\/\\\/www.ak-online.de\\\/wp-content\\\/uploads\\\/2026\\\/02\\\/ChatGPT-Image-23.-Feb.-2026-14_57_15.png\",\"@id\":\"https:\\\/\\\/www.ak-online.de\\\/de\\\/in-der-unruhe-liegt-die-kraft\\\/#mainImage\",\"width\":1536,\"height\":1024},\"primaryImageOfPage\":{\"@id\":\"https:\\\/\\\/www.ak-online.de\\\/de\\\/in-der-unruhe-liegt-die-kraft\\\/#mainImage\"},\"datePublished\":\"2026-02-23T14:58:17+01:00\",\"dateModified\":\"2026-02-24T13:12:34+01:00\"},{\"@type\":\"WebSite\",\"@id\":\"https:\\\/\\\/www.ak-online.de\\\/de\\\/#website\",\"url\":\"https:\\\/\\\/www.ak-online.de\\\/de\\\/\",\"name\":\"Abels & Kemmner -  Supply Chain Management\",\"description\":\"Unternehmensberatung f\\u00fcr Supply Chain Optimierung\",\"inLanguage\":\"de-DE\",\"publisher\":{\"@id\":\"https:\\\/\\\/www.ak-online.de\\\/de\\\/#organization\"}}]}\n\t\t<\/script>\n\t\t<!-- All in One SEO Pro -->\r\n\t\t<title>Abels &amp; Kemmner - Supply Chain Management<\/title>\n\n","aioseo_head_json":{"title":"Abels & Kemmner - Supply Chain Management","description":"\u201cIn der Unruhe liegt die Kraft\u201c Dieser Satz aus Herbert Gr\u00f6nemeyers Lied \u201eAngstfrei\u201c hat mich, seit ich das Lied zum ersten Mal geh\u00f6rt habe, nicht mehr losgelassen. Vermutlich weil er so \u00fcberraschend ist. Vielleicht auch, weil er so gut in unsere Zeit passt. Und sicherlich auch, weil er genau das beschreibt, was ich im aktuellen","canonical_url":"https:\/\/www.ak-online.de\/de\/in-der-unruhe-liegt-die-kraft\/","robots":"max-image-preview:large","keywords":"","webmasterTools":{"miscellaneous":""},"schema":{"@context":"https:\/\/schema.org","@graph":[{"@type":"BlogPosting","@id":"https:\/\/www.ak-online.de\/de\/in-der-unruhe-liegt-die-kraft\/#blogposting","name":"Abels & Kemmner - Supply Chain Management","headline":"\u201cIn der Unruhe liegt die Kraft\u201c","author":{"@id":"https:\/\/www.ak-online.de\/de\/author\/ungerechts\/#author"},"publisher":{"@id":"https:\/\/www.ak-online.de\/de\/#organization"},"image":{"@type":"ImageObject","url":"https:\/\/www.ak-online.de\/wp-content\/uploads\/2026\/02\/ChatGPT-Image-23.-Feb.-2026-14_57_15.png","width":1536,"height":1024},"datePublished":"2026-02-23T14:58:17+01:00","dateModified":"2026-02-24T13:12:34+01:00","inLanguage":"de-DE","mainEntityOfPage":{"@id":"https:\/\/www.ak-online.de\/de\/in-der-unruhe-liegt-die-kraft\/#webpage"},"isPartOf":{"@id":"https:\/\/www.ak-online.de\/de\/in-der-unruhe-liegt-die-kraft\/#webpage"},"articleSection":"Newsletter, Sales &amp; Operations, Optional"},{"@type":"BreadcrumbList","@id":"https:\/\/www.ak-online.de\/de\/in-der-unruhe-liegt-die-kraft\/#breadcrumblist","itemListElement":[{"@type":"ListItem","@id":"https:\/\/www.ak-online.de\/de\/#listItem","position":1,"name":"Home","item":"https:\/\/www.ak-online.de\/de\/","nextItem":{"@type":"ListItem","@id":"https:\/\/www.ak-online.de\/de\/category\/newsletter\/#listItem","name":"Newsletter"}},{"@type":"ListItem","@id":"https:\/\/www.ak-online.de\/de\/category\/newsletter\/#listItem","position":2,"name":"Newsletter","item":"https:\/\/www.ak-online.de\/de\/category\/newsletter\/","nextItem":{"@type":"ListItem","@id":"https:\/\/www.ak-online.de\/de\/in-der-unruhe-liegt-die-kraft\/#listItem","name":"\u201cIn der Unruhe liegt die Kraft\u201c"},"previousItem":{"@type":"ListItem","@id":"https:\/\/www.ak-online.de\/de\/#listItem","name":"Home"}},{"@type":"ListItem","@id":"https:\/\/www.ak-online.de\/de\/in-der-unruhe-liegt-die-kraft\/#listItem","position":3,"name":"\u201cIn der Unruhe liegt die Kraft\u201c","previousItem":{"@type":"ListItem","@id":"https:\/\/www.ak-online.de\/de\/category\/newsletter\/#listItem","name":"Newsletter"}}]},{"@type":"Organization","@id":"https:\/\/www.ak-online.de\/de\/#organization","name":"Abels & Kemmner -  Supply Chain Management","description":"Unternehmensberatung f\u00fcr Supply Chain Optimierung","url":"https:\/\/www.ak-online.de\/de\/","telephone":"+49240795650","logo":{"@type":"ImageObject","url":"https:\/\/www.ak-online.de\/wp-content\/uploads\/2023\/08\/Logo-mit-Claimv2.png","@id":"https:\/\/www.ak-online.de\/de\/in-der-unruhe-liegt-die-kraft\/#organizationLogo","width":600,"height":195},"image":{"@id":"https:\/\/www.ak-online.de\/de\/in-der-unruhe-liegt-die-kraft\/#organizationLogo"},"sameAs":["https:\/\/www.youtube.com\/channel\/UCMOyLX-7Q_zpnACCykNdMRw","https:\/\/de.linkedin.com\/company\/abels-kemmner-gmbh"]},{"@type":"Person","@id":"https:\/\/www.ak-online.de\/de\/author\/ungerechts\/#author","url":"https:\/\/www.ak-online.de\/de\/author\/ungerechts\/","name":"Dirk Ungerechts","image":{"@type":"ImageObject","url":"https:\/\/www.ak-online.de\/wp-content\/uploads\/2026\/03\/dirk-ungerechts_avatar-96x96.jpg"}},{"@type":"WebPage","@id":"https:\/\/www.ak-online.de\/de\/in-der-unruhe-liegt-die-kraft\/#webpage","url":"https:\/\/www.ak-online.de\/de\/in-der-unruhe-liegt-die-kraft\/","name":"Abels & Kemmner - Supply Chain Management","description":"\u201cIn der Unruhe liegt die Kraft\u201c Dieser Satz aus Herbert Gr\u00f6nemeyers Lied \u201eAngstfrei\u201c hat mich, seit ich das Lied zum ersten Mal geh\u00f6rt habe, nicht mehr losgelassen. Vermutlich weil er so \u00fcberraschend ist. Vielleicht auch, weil er so gut in unsere Zeit passt. Und sicherlich auch, weil er genau das beschreibt, was ich im aktuellen","inLanguage":"de-DE","isPartOf":{"@id":"https:\/\/www.ak-online.de\/de\/#website"},"breadcrumb":{"@id":"https:\/\/www.ak-online.de\/de\/in-der-unruhe-liegt-die-kraft\/#breadcrumblist"},"author":{"@id":"https:\/\/www.ak-online.de\/de\/author\/ungerechts\/#author"},"creator":{"@id":"https:\/\/www.ak-online.de\/de\/author\/ungerechts\/#author"},"image":{"@type":"ImageObject","url":"https:\/\/www.ak-online.de\/wp-content\/uploads\/2026\/02\/ChatGPT-Image-23.-Feb.-2026-14_57_15.png","@id":"https:\/\/www.ak-online.de\/de\/in-der-unruhe-liegt-die-kraft\/#mainImage","width":1536,"height":1024},"primaryImageOfPage":{"@id":"https:\/\/www.ak-online.de\/de\/in-der-unruhe-liegt-die-kraft\/#mainImage"},"datePublished":"2026-02-23T14:58:17+01:00","dateModified":"2026-02-24T13:12:34+01:00"},{"@type":"WebSite","@id":"https:\/\/www.ak-online.de\/de\/#website","url":"https:\/\/www.ak-online.de\/de\/","name":"Abels & Kemmner -  Supply Chain Management","description":"Unternehmensberatung f\u00fcr Supply Chain Optimierung","inLanguage":"de-DE","publisher":{"@id":"https:\/\/www.ak-online.de\/de\/#organization"}}]},"og:locale":"de_DE","og:site_name":"Abels &amp; Kemmner -  Supply Chain Management | Unternehmensberatung f\u00fcr Supply Chain Optimierung","og:type":"article","og:title":"Abels &amp; Kemmner - Supply Chain Management","og:description":"\u201cIn der Unruhe liegt die Kraft\u201c Dieser Satz aus Herbert Gr\u00f6nemeyers Lied \u201eAngstfrei\u201c hat mich, seit ich das Lied zum ersten Mal geh\u00f6rt habe, nicht mehr losgelassen. Vermutlich weil er so \u00fcberraschend ist. Vielleicht auch, weil er so gut in unsere Zeit passt. Und sicherlich auch, weil er genau das beschreibt, was ich im aktuellen","og:url":"https:\/\/www.ak-online.de\/de\/in-der-unruhe-liegt-die-kraft\/","article:published_time":"2026-02-23T13:58:17+00:00","article:modified_time":"2026-02-24T12:12:34+00:00","twitter:card":"summary_large_image","twitter:title":"Abels &amp; Kemmner - Supply Chain Management","twitter:description":"\u201cIn der Unruhe liegt die Kraft\u201c Dieser Satz aus Herbert Gr\u00f6nemeyers Lied \u201eAngstfrei\u201c hat mich, seit ich das Lied zum ersten Mal geh\u00f6rt habe, nicht mehr losgelassen. Vermutlich weil er so \u00fcberraschend ist. Vielleicht auch, weil er so gut in unsere Zeit passt. Und sicherlich auch, weil er genau das beschreibt, was ich im aktuellen"},"aioseo_meta_data":{"post_id":"228335","title":"#site_title","description":null,"keywords":null,"keyphrases":{"focus":{"keyphrase":"","score":0,"analysis":{"keyphraseInTitle":{"score":0,"maxScore":9,"error":1}}},"additional":[]},"primary_term":null,"canonical_url":null,"og_title":null,"og_description":null,"og_object_type":"default","og_image_type":"default","og_image_url":null,"og_image_width":null,"og_image_height":null,"og_image_custom_url":null,"og_image_custom_fields":null,"og_video":"","og_custom_url":null,"og_article_section":null,"og_article_tags":null,"twitter_use_og":false,"twitter_card":"default","twitter_image_type":"default","twitter_image_url":null,"twitter_image_custom_url":null,"twitter_image_custom_fields":null,"twitter_title":null,"twitter_description":null,"schema":{"blockGraphs":[],"customGraphs":[],"default":{"data":{"Article":[],"Course":[],"Dataset":[],"FAQPage":[],"Movie":[],"Person":[],"Product":[],"ProductReview":[],"Car":[],"Recipe":[],"Service":[],"SoftwareApplication":[],"WebPage":[]},"graphName":"BlogPosting","isEnabled":true},"graphs":[]},"schema_type":"default","schema_type_options":null,"pillar_content":false,"robots_default":true,"robots_noindex":false,"robots_noarchive":false,"robots_nosnippet":false,"robots_nofollow":false,"robots_noimageindex":false,"robots_noodp":false,"robots_notranslate":false,"robots_max_snippet":"-1","robots_max_videopreview":"-1","robots_max_imagepreview":"large","priority":null,"frequency":"default","local_seo":null,"seo_analyzer_scan_date":"2026-02-24 12:35:24","breadcrumb_settings":null,"limit_modified_date":false,"reviewed_by":null,"open_ai":null,"ai":{"faqs":[],"keyPoints":[],"titles":[],"descriptions":[],"socialPosts":{"email":[],"linkedin":[],"twitter":[],"facebook":[],"instagram":[]}},"created":"2026-02-23 13:43:00","updated":"2026-03-05 12:21:55"},"aioseo_breadcrumb":"<div class=\"aioseo-breadcrumbs\"><span class=\"aioseo-breadcrumb\">\n\t<a href=\"https:\/\/www.ak-online.de\/de\/\" title=\"Home\">Home<\/a>\n<\/span><span class=\"aioseo-breadcrumb-separator\">&raquo;<\/span><span class=\"aioseo-breadcrumb\">\n\t<a href=\"https:\/\/www.ak-online.de\/de\/category\/newsletter\/\" title=\"Newsletter\">Newsletter<\/a>\n<\/span><span class=\"aioseo-breadcrumb-separator\">&raquo;<\/span><span class=\"aioseo-breadcrumb\">\n\t\u201cIn der Unruhe liegt die Kraft\u201c\n<\/span><\/div>","aioseo_breadcrumb_json":[{"label":"Home","link":"https:\/\/www.ak-online.de\/de\/"},{"label":"Newsletter","link":"https:\/\/www.ak-online.de\/de\/category\/newsletter\/"},{"label":"\u201cIn der Unruhe liegt die Kraft\u201c","link":"https:\/\/www.ak-online.de\/de\/in-der-unruhe-liegt-die-kraft\/"}],"_links":{"self":[{"href":"https:\/\/www.ak-online.de\/de\/wp-json\/wp\/v2\/posts\/228335","targetHints":{"allow":["GET"]}}],"collection":[{"href":"https:\/\/www.ak-online.de\/de\/wp-json\/wp\/v2\/posts"}],"about":[{"href":"https:\/\/www.ak-online.de\/de\/wp-json\/wp\/v2\/types\/post"}],"author":[{"embeddable":true,"href":"https:\/\/www.ak-online.de\/de\/wp-json\/wp\/v2\/users\/27"}],"replies":[{"embeddable":true,"href":"https:\/\/www.ak-online.de\/de\/wp-json\/wp\/v2\/comments?post=228335"}],"version-history":[{"count":0,"href":"https:\/\/www.ak-online.de\/de\/wp-json\/wp\/v2\/posts\/228335\/revisions"}],"wp:featuredmedia":[{"embeddable":true,"href":"https:\/\/www.ak-online.de\/de\/wp-json\/wp\/v2\/media\/228343"}],"wp:attachment":[{"href":"https:\/\/www.ak-online.de\/de\/wp-json\/wp\/v2\/media?parent=228335"}],"wp:term":[{"taxonomy":"category","embeddable":true,"href":"https:\/\/www.ak-online.de\/de\/wp-json\/wp\/v2\/categories?post=228335"},{"taxonomy":"post_tag","embeddable":true,"href":"https:\/\/www.ak-online.de\/de\/wp-json\/wp\/v2\/tags?post=228335"}],"curies":[{"name":"wp","href":"https:\/\/api.w.org\/{rel}","templated":true}]}}